{"id":145,"date":"2020-12-27T14:27:27","date_gmt":"2020-12-27T13:27:27","guid":{"rendered":"http:\/\/www.ptakopysk.cz\/?p=145"},"modified":"2020-12-27T14:27:27","modified_gmt":"2020-12-27T13:27:27","slug":"pechfogl-5","status":"publish","type":"post","link":"https:\/\/www.ptakopysk.cz\/index.php\/2020\/12\/27\/pechfogl-5\/","title":{"rendered":"Pechfogl 5"},"content":{"rendered":"\n<h1 class=\"wp-block-heading\"><a>A nebo n\u011bco je\u0161t\u011b hor\u0161\u00edho&#8230;<\/a><\/h1>\n\n\n\n<p>Elvian se opatrn\u011b p\u0159ibl\u00ed\u017eovala ke sv\u011btlu.<\/p>\n\n\n\n<p>Zprvu neur\u010dit\u00e1 skvrna se zm\u011bnila v ohe\u0148 pl\u00e1polaj\u00edc\u00ed ve skaln\u00edm v\u00fdklenku.<\/p>\n\n\n\n<p>Z temnoty se vyno\u0159ila ruka a vhodila do ohn\u011b kus d\u0159eva.<\/p>\n\n\n\n<p>Elvian se zastavila.<\/p>\n\n\n\n<p>&#8222;Neboj se. Poj\u010f p\u0159isednout, noc bude chladn\u00e1 a dlouh\u00e1. Je\u0161t\u011b bys mohla nastydnout, Ellyvianivill,&#8220; ozval se z temnoty hlas.<\/p>\n\n\n\n<p>&#8222;Pane?,&#8220; p\u0159ekvapen\u011b vydechla Elvian.<\/p>\n\n\n\n<p>&#8222;Je\u0161t\u011b si vzpom\u00edn\u00e1\u0161? To jsem opravdu r\u00e1d. Poj\u010f, neboj se.&#8220;<\/p>\n\n\n\n<p>Zasunula me\u010d zp\u00e1tky do pochvy, d\u00fdku vr\u00e1tila za pas a odhodlan\u011b vkro\u010dila do sv\u011bteln\u00e9ho kruhu.<\/p>\n\n\n\n<p>&#8222;J\u00e1 jsem tu\u0161ila, \u017ee ta \u0161a\u0161k\u00e1rna s f\u00f3gly nen\u00ed d\u00edlem jen tak n\u011bjak\u00e9ho amat\u00e9ra. O co ti jde, Pane?&#8220;<\/p>\n\n\n\n<p>&#8222;Cht\u011bl jsem si zavzpom\u00ednat na star\u00e9 dobr\u00e9 \u010dasy. Na dobu, kdy jsi pro m\u011b pracovala jako lovec dezert\u00e9r\u016f. Na dobu, kdy jsi byla se sv\u00fdm symbiontem jedno t\u011blo a jedna du\u0161e. To byly kr\u00e1sn\u00e9 \u010dasy,&#8220; hlas z temnoty odum\u0159el v tich\u00e9m \u0161um\u011bn\u00ed mo\u0159e.<\/p>\n\n\n\n<p>&#8222;Chce\u0161 \u0159\u00edct Pane, \u017ees otev\u0159el Port\u00e1l, nahnal sem hejna vypelichan\u00fdch slepic, vypl\u00fdtval nesm\u00edrn\u00e9 mno\u017estv\u00ed energie jenom proto, abys m\u011b donutil dojet sem, do t\u00e9hle bohem zapomenut\u00e9 pustiny? D\u0159ep\u00ed\u0161 tady na studen\u00fdm \u0161utr\u00e1ku, ze kter\u00e9ho bude\u0161 m\u00edt hemeroidy, \u010cich\u00e1\u0161 smrad z hnij\u00edc\u00edch chaluh. A to v\u0161echno jenom proto, aby sis se mnou mohl popov\u00eddat o dob\u00e1ch, kdy jsi vl\u00e1dl tomuhle sv\u011btu? Opravdu pozoruhodn\u00e9!&#8220;<\/p>\n\n\n\n<p>&#8222;Ale, ale, ale,&#8220; hlas Temn\u00e9ho zn\u011bl znechucen\u011b, &#8222;sna\u017e\u00edme se provokovat? Slab\u00e9, velmi slab\u00e9. Nebo\u017et\u00edk Algi ti byl velmi \u0161patn\u00fdm u\u010ditelem.&#8220;<\/p>\n\n\n\n<p>&#8222;Nebo\u017et\u00edk? Vskutku? Kdy\u017e mysl\u00ed\u0161, Pane,&#8220; hlas Elvian zn\u011bl naprosto nevzru\u0161en\u011b.<\/p>\n\n\n\n<p>&#8222;Pt\u00e1ci pod veden\u00edm m\u00e9ho schopn\u00e9ho pomocn\u00edka prost\u011b m\u011bli \u00fasp\u011bch.&#8220;<\/p>\n\n\n\n<p>&#8222;Schopn\u00e9ho pomocn\u00edka? Mysl\u00ed\u0161 toho \u0148oumu, kter\u00e9ho Elly jedin\u00fdm \u0161\u00edpem sklepla zeshora z \u00fatesu?&#8220;<\/p>\n\n\n\n<p>Elvianin hlas zn\u011bl pohrdav\u011b.<\/p>\n\n\n\n<p>&#8222;Mo\u017en\u00e1 \u0148ouma, ale u\u017e n\u011bjakou chv\u00edli neregistruji nic, co by nazna\u010dovalo jakoukoli du\u0161evn\u00ed aktivitu Algiho, ani t\u00e9 tv\u00e9 prababi\u010dky.&#8220;<\/p>\n\n\n\n<p>&#8222;Pratety, kdy\u017e u\u017e. Mohu-li si dovolit drobn\u00fd \u017eert &#8211; j\u00e1 ob\u010das neregistrovala Algiho du\u0161evn\u00ed aktivitu, i kdy\u017e jsem byla velmi t\u011bsn\u011b vedle n\u011bj. On je prost\u011b v ur\u010dit\u00fdch situac\u00edch takov\u00fd.&#8220;<\/p>\n\n\n\n<p>&#8222;Hm&#8230; ehm&#8230; intimn\u00ed podrobnosti z&#8230; ehm&#8230; ze sou\u017eit\u00ed&#8230; va\u0161\u00ed skupiny m\u011b ani v nejmen\u0161\u00edm nezaj\u00edmaj\u00ed,&#8220; hlas Temn\u00e9ho nevyjad\u0159oval nijakou radost ze sd\u011blen\u00e9 informace.<\/p>\n\n\n\n<p>&#8222;Jestli mohu naru\u0161it tv\u00e9 svat\u00e9 rozho\u0159\u010den\u00ed nad mravn\u00edm \u00fapadkem sv\u00e9 n\u011bkdej\u0161\u00ed slu\u017eebnice,&#8220; u\u0161kl\u00edbla se Elvian, &#8222;nem\u00e1\u0161 tu s sebou Pane n\u011bco k sn\u011bdku? Ty tvoje slepice mi bohu\u017eel zdecimovaly z\u00e1soby i s doprovodem a j\u00e1 bych n\u011bco pojedla.&#8220;<\/p>\n\n\n\n<p>&#8222;Nebo zobla,&#8220; ozval se posm\u011b\u0161n\u011b Temn\u00fd.<\/p>\n\n\n\n<p>Elvian nap\u0159ela ve\u0161ker\u00e9 znechucen\u00ed do jedn\u00e9 my\u0161lenky, kterou ostr\u00fdm gestem poslala p\u0159es ohe\u0148 naproti do tmy.<\/p>\n\n\n\n<p>Ze tmy se ozvalo ostr\u00e9 nadechnut\u00ed a pak d\u00e1viv\u00e9 zvuky zvracen\u00ed.<\/p>\n\n\n\n<p>&#8222;Takov\u00e9hle primitivn\u00ed \u017eerty si vypro\u0161uji,&#8220; ozval se jej\u00ed ledov\u00fd hlas do ticha.<\/p>\n\n\n\n<p>&#8222;Ty \u010dubko! To sis dovolila setsakra moc. Tohle t\u011b bude mrzet,&#8220; hlas Temn\u00e9ho sy\u010del nep\u0159edst\u00edranou zlobou.<\/p>\n\n\n\n<p>Pe\u010dliv\u011b analyzovala jeho pocity a m\u011bla dojem, \u017ee n\u011bkde pod vlnami hn\u011bvu je strach.<\/p>\n\n\n\n<p>Ud\u011blala gesto d\u0159\u00edv, ne\u017e si Temn\u00fd sv\u00fdmi zlost\u00ed otupen\u00fdmi smysly uv\u011bdomil, k \u010demu se chyst\u00e1.<\/p>\n\n\n\n<p>&#8222;Ty&#8230;,&#8220; Temn\u00fd nesta\u010dil dopov\u011bd\u011bt.<\/p>\n\n\n\n<p>&#8222;N\u011bjak\u00fd probl\u00e9m Pane?,&#8220; zeptala se posm\u011b\u0161n\u011b a naklonila se bl\u00ed\u017ee k ohni.<\/p>\n\n\n\n<p>Nebylo to ze zv\u011bdavosti. Cht\u011bla si jenom ov\u011b\u0159it pocit, kter\u00fd m\u011bla u\u017e n\u011bjakou chv\u00edli. Za z\u00e1dy j\u00ed st\u00e1l druh\u00fd Temn\u00fd a n\u011bco chystal.<\/p>\n\n\n\n<p>Ucukla rychle zp\u00e1tky, jako by j\u00ed plameny ol\u00edzly obli\u010dej a v tom to uc\u00edtila.<\/p>\n\n\n\n<p>Za n\u00ed se otev\u00edral Port\u00e1l.<\/p>\n\n\n\n<p>&#8222;&#8230;tak takhle ne&#8230;&#8220; mihla se j\u00ed hlavou my\u0161lenka. Zav\u0159ela o\u010di a nap\u0159ela ve\u0161kerou svoj\u00ed s\u00edlu na modifikaci Port\u00e1lu.<\/p>\n\n\n\n<p>Temn\u00fd, stoj\u00edc\u00ed za n\u00ed, si p\u0159\u00edli\u017e pozd\u011b uv\u011bdomil pl\u00ed\u017eiv\u00e9 st\u00edny prohled\u00e1vaj\u00edc\u00ed jeho mysl. Zpanika\u0159il a cht\u011bl se d\u00e1t na \u00fat\u011bk bleskurychl\u00fdm p\u0159ek\u00f3dov\u00e1n\u00edm sm\u011brov\u00e1n\u00ed Port\u00e1lu na hlavn\u00ed z\u00e1kladnu.<\/p>\n\n\n\n<p>Ale k jeho \u00fa\u017easu byl Port\u00e1l u\u017e p\u0159ek\u00f3dov\u00e1n.<\/p>\n\n\n\n<p>Elvian se bleskurychle zvedla jako \u00fato\u010d\u00edc\u00ed kobra. Ne\u017e sta\u010dil dezorientovan\u00fd Temn\u00fd cokoli ud\u011blat, oto\u010dila se k n\u011bmu a otev\u0159ela o\u010di. Pak ho prudk\u00fdm \u00faderem do hrudi ho srazila do bou\u0159\u00edc\u00edho Port\u00e1lu.<\/p>\n\n\n\n<p>Okam\u017eit\u011b aktivoval uzav\u00edrac\u00ed frekvenci.<\/p>\n\n\n\n<p>Posledn\u00edm vyd\u011b\u0161en\u00fdm z\u00e1bleskem v\u011bdom\u00ed, ne\u017e bylo jeho t\u011blo dezintegrov\u00e1no silami Port\u00e1lu, zaregistroval, \u017ee Elvian vstoupila do Port\u00e1lu spolu s n\u00edm.<\/p>\n\n\n\n<p>Otev\u0159el o\u010di a n\u011bkolikr\u00e1t zamrkal osln\u011bn \u017ehnouc\u00edm poledn\u00edm sluncem. Rozhl\u00e9dl se. St\u00e1l s\u00e1m na lidupr\u00e1zdn\u00e9 planin\u011b porostl\u00e9 trsy \u017e\u00e1rem sp\u00e1len\u00e9 polopou\u0161tn\u00ed tr\u00e1vy.<\/p>\n\n\n\n<p>Vydechl \u00falevou. K\u00f3dovac\u00ed frekvence asi zafungovala v\u010das a ta d\u011bvka je rozprost\u0159ena v \u010dasoprostoru jako nezaj\u00edmav\u00e9 energetick\u00e9 pole zanedbateln\u00e9 intenzity. Nakopl \u0161t\u00edra, kter\u00fd st\u00e1l proti n\u011bmu v \u00fato\u010dn\u00e9m postoji. Ot\u0159el si upocen\u00e9 \u010delo a vydal se z\u00e1padn\u00edm sm\u011brem. Tam, kde se na obzoru mihotala ve vln\u00e1ch hork\u00e9ho vzduchu tropick\u00e1 d\u017eungle.<\/p>\n\n\n\n<p>Ob\u010das zakli\u010dkoval, jak se vyh\u00fdbal m\u00edst\u016fm, kde p\u0159edpokl\u00e1dal v\u00fdskyt ch\u0159est\u00fd\u0161\u016f. \u0160el voln\u00fdm, ale vytrval\u00fdm krokem, jako by se nemohl rozhodnout, zda se nech\u00e1 up\u00e9ci slune\u010dn\u00edmi paprsky, nebo zda padne vys\u00edlen\u00edm. Ale vzd\u00e1lenosti v tomto roz\u017ehaven\u00e9m sv\u011bt\u011b klamaly a osv\u011b\u017eiv\u011b zelen\u00e1 klenba pralesa se rychle bl\u00ed\u017eila. Ne\u017eli se slunce po obloze posunulo o p\u00ed\u010f, Temn\u00fd vkro\u010dil do zelen\u00e9ho \u0161era pralesa. Te\u010f zvolnil krok je\u0161t\u011b v\u00edc. Mus\u00ed si rozmyslit, jak vysv\u011btl\u00ed, \u017ee se vrac\u00ed s\u00e1m a \u017ee vlastn\u011b v\u016fbec netu\u0161\u00ed, co se stalo s ob\u011bma Ellyvianivill a s Algim. A mus\u00ed to b\u00fdt d\u016fv\u011bryhodn\u00e9 vysv\u011btlen\u00ed. I kdy\u017e m\u011bl cel\u00e9 t\u011blo zpocen\u00e9 a pod korunami strom\u016f panovalo \u00fad\u011bsn\u00e9 vedro, po z\u00e1dech mu p\u0159ejel mr\u00e1z.<\/p>\n","protected":false},"excerpt":{"rendered":"<p>A nebo n\u011bco je\u0161t\u011b hor\u0161\u00edho&#8230; Elvian se opatrn\u011b p\u0159ibl\u00ed\u017eovala ke sv\u011btlu. Zprvu neur\u010dit\u00e1 skvrna se zm\u011bnila v ohe\u0148 pl\u00e1polaj\u00edc\u00ed ve skaln\u00edm v\u00fdklenku. Z temnoty se vyno\u0159ila ruka a vhodila do ohn\u011b kus d\u0159eva. Elvian se zastavila. &#8222;Neboj se. Poj\u010f p\u0159isednout, &hellip; <a href=\"https:\/\/www.ptakopysk.cz\/index.php\/2020\/12\/27\/pechfogl-5\/\">Cel\u00fd p\u0159\u00edsp\u011bvek <span class=\"meta-nav\">&rarr;<\/span><\/a><\/p>\n","protected":false},"author":1,"featured_media":0,"comment_status":"open","ping_status":"open","sticky":false,"template":"","format":"standard","meta":{"footnotes":""},"categories":[8],"tags":[],"class_list":["post-145","post","type-post","status-publish","format-standard","hentry","category-algi"],"_links":{"self":[{"href":"https:\/\/www.ptakopysk.cz\/index.php\/wp-json\/wp\/v2\/posts\/145","targetHints":{"allow":["GET"]}}],"collection":[{"href":"https:\/\/www.ptakopysk.cz\/index.php\/wp-json\/wp\/v2\/posts"}],"about":[{"href":"https:\/\/www.ptakopysk.cz\/index.php\/wp-json\/wp\/v2\/types\/post"}],"author":[{"embeddable":true,"href":"https:\/\/www.ptakopysk.cz\/index.php\/wp-json\/wp\/v2\/users\/1"}],"replies":[{"embeddable":true,"href":"https:\/\/www.ptakopysk.cz\/index.php\/wp-json\/wp\/v2\/comments?post=145"}],"version-history":[{"count":1,"href":"https:\/\/www.ptakopysk.cz\/index.php\/wp-json\/wp\/v2\/posts\/145\/revisions"}],"predecessor-version":[{"id":146,"href":"https:\/\/www.ptakopysk.cz\/index.php\/wp-json\/wp\/v2\/posts\/145\/revisions\/146"}],"wp:attachment":[{"href":"https:\/\/www.ptakopysk.cz\/index.php\/wp-json\/wp\/v2\/media?parent=145"}],"wp:term":[{"taxonomy":"category","embeddable":true,"href":"https:\/\/www.ptakopysk.cz\/index.php\/wp-json\/wp\/v2\/categories?post=145"},{"taxonomy":"post_tag","embeddable":true,"href":"https:\/\/www.ptakopysk.cz\/index.php\/wp-json\/wp\/v2\/tags?post=145"}],"curies":[{"name":"wp","href":"https:\/\/api.w.org\/{rel}","templated":true}]}}