{"id":143,"date":"2020-12-27T14:26:02","date_gmt":"2020-12-27T13:26:02","guid":{"rendered":"http:\/\/www.ptakopysk.cz\/?p=143"},"modified":"2020-12-27T14:26:02","modified_gmt":"2020-12-27T13:26:02","slug":"pechfogl-4","status":"publish","type":"post","link":"https:\/\/www.ptakopysk.cz\/index.php\/2020\/12\/27\/pechfogl-4\/","title":{"rendered":"Pechfogl 4"},"content":{"rendered":"\n<h1 class=\"wp-block-heading\"><a>Anebo v\u00e1s budou cht\u00edt se\u017erat&#8230;<\/a><\/h1>\n\n\n\n<p>Elvian se nen\u00e1padn\u011b, aby nezvlnila jedinou vlnku, mal\u00fdmi kr\u016f\u010dky bl\u00ed\u017eila ke skalisku.<\/p>\n\n\n\n<p>Hluk boje na b\u0159ehu pomalu utichal.<\/p>\n\n\n\n<p>Temn\u00e1 hmota p\u0159ed n\u00ed postupn\u011b rostla do v\u00fd\u0161ky a vypadala dost nep\u0159\u00edstupn\u011b. Elvian se rozhodla, \u017ee ji obejde. Odbo\u010dila trochu doprava. Pod chodidly uc\u00edtila skaliska vystupuj\u00edc\u00ed z p\u00edsku.<\/p>\n\n\n\n<p>&#8222;Jestli zakopnu, je se mnou konec,&#8220; mihlo se j\u00ed hlavou a sna\u017eila se p\u0159esouvat hlem\u00fd\u017ed\u00edm zp\u016fsobem, aby nep\u016fsobila zvukov\u00e9 vlny, kter\u00e9 by mohly p\u0159il\u00e1kat n\u011bjak\u00e9ho dravce. N\u00e1hle se j\u00ed zmocnil podivn\u00fd pocit, jak by na ni z mo\u0159e n\u011bkdo z\u00edral.<\/p>\n\n\n\n<p>Skalisko u\u017e m\u011bla t\u00e9m\u011b\u0159 obejit\u00e9. Pocit, \u017ee ji n\u011bco sleduje, byl st\u00e1le intenzivn\u011bj\u0161\u00ed.<\/p>\n\n\n\n<p>Za\u010dala se j\u00ed zmoc\u0148ovat panika. Napnula ve\u0161kerou svou v\u016fli, aby p\u0159emohla chu\u0165 rozeb\u011bhnout se vlnami ke b\u0159ehu.<\/p>\n\n\n\n<p>Zak\u00e1zala si myslet na Algiho a na Elly.<\/p>\n\n\n\n<p>Jenom kr\u00e1\u010dela pomalu za sv\u00fdm c\u00edlem.<\/p>\n\n\n\n<p>Krok&#8230;<\/p>\n\n\n\n<p>Dal\u0161\u00ed&#8230;<\/p>\n\n\n\n<p>Je\u0161t\u011b jeden&#8230;<\/p>\n\n\n\n<p>P\u0159ed n\u00ed byla voln\u00e1 hladina, bez vln zna\u010d\u00edc\u00edch p\u0159ek\u00e1\u017eky pod vodou.<\/p>\n\n\n\n<p>Za z\u00e1dy se j\u00ed ozval \u0161um rozr\u00e1\u017een\u00e9 vody.<\/p>\n\n\n\n<p>Nahnula se kup\u0159edu a vyrazila. \u0160lo to velmi pomalu. Dno stoupalo zvolna a b\u0159eh byl daleko.<\/p>\n\n\n\n<p>Po n\u011bkolika kroc\u00edch u\u017e j\u00ed byla voda do pasu.<\/p>\n\n\n\n<p>Zrychlila brod\u011bn\u00ed a sou\u010dasn\u011b vkl\u00e1dala promo\u010den\u00fd \u0161\u00edp do luku.<\/p>\n\n\n\n<p>Voda j\u00ed byla po kolena a s mohutn\u00fdm c\u00e1k\u00e1n\u00edm sp\u011bchala ke b\u0159ehu.<\/p>\n\n\n\n<p>Voda kolem n\u00ed n\u00e1hle za\u010dala stoupat, jak obrovsk\u00e9 t\u011blo val\u00edc\u00ed se z mo\u0159e ke b\u0159ehu p\u0159ed sebou tla\u010dilo vlnu.<\/p>\n\n\n\n<p>Z posledn\u00edch sil zrychlila a rozst\u0159ikuj\u00edc kolem sebe gejz\u00edry vody, b\u011b\u017eela ohromn\u00fdmi skoky ke b\u0159ehu.<\/p>\n\n\n\n<p>Jakmile m\u011bla pevnou p\u016fdu pod nohama, oto\u010dila se a pos\u00edlala jeden \u0161\u00edp za druh\u00fdm do temnoty.<\/p>\n\n\n\n<p>Jej\u00ed ruka chv\u00edli \u0161\u00e1trala v pr\u00e1zdn\u00e9m toulci, ne\u017e si uv\u011bdomila, \u017ee v\u0161echny \u0161\u00edpy skon\u010dily v t\u00e9 mokr\u00e9, nep\u0159\u00e1telsk\u00e9 tm\u011b.<\/p>\n\n\n\n<p>Rozhl\u00e9dla se kolem sebe, jestli na ni ne\u010d\u00edh\u00e1 dal\u0161\u00ed nebezpe\u010d\u00ed.<\/p>\n\n\n\n<p>V temnot\u011b skal se zamihotalo sv\u011btlo.<\/p>\n\n\n\n<p>Odhodila prom\u00e1\u010den\u00fd luk, tasila me\u010d a do druh\u00e9 ruky vzala d\u00fdku.<\/p>\n\n\n\n<p>Runa na n\u00e1kon\u010d\u00ed d\u00fdky se rud\u011b rozz\u00e1\u0159ila.<\/p>\n\n\n\n<p>&#8222;Jde se to,&#8220; zavr\u010dela pro sebe a vykro\u010dila ke sv\u011btlu.<\/p>\n\n\n\n<p>Elfov\u00e9 dr\u017eeli pravou \u010d\u00e1st a st\u0159ed chatrn\u00e9ho opevn\u011bn\u00ed, Algi s Elly br\u00e1nili levou \u010d\u00e1st.<\/p>\n\n\n\n<p>Pt\u00e1ci prolomili palebnou p\u0159ehradu a sna\u017eili se p\u0159el\u00e9zt kamenn\u00fd val. Ze tmy se vyno\u0159ovaly ohromn\u00e9 zobany a krv\u00ed podlit\u00e9 nemilosrdn\u00e9 o\u010di. Algiho napadlo, \u017ee takhle n\u011bjak asi vypad\u00e1 peklo.<\/p>\n\n\n\n<p>&#8222;Elly, ty hajzlov\u00e9 jdou evidentn\u011b po n\u00e1s. Na voj\u00e1ky skoro ne\u00fato\u010d\u00ed,&#8220; sna\u017eil se Algi p\u0159ek\u0159i\u010det hluk boje.<\/p>\n\n\n\n<p>&#8222;Taky mi to tak p\u0159ipad\u00e1. Mus\u00edme n\u011bco vymyslet, jinak je za chv\u00edli po n\u00e1s. Tohle dlouho neudr\u017e\u00edme,&#8220; zavolala Elly a mohutn\u00fdm sekem s\u0165ala p\u0159\u00edli\u017e drz\u00e9ho pt\u00e1ka.<\/p>\n\n\n\n<p>&#8222;Vypadnem odsud. Ty f\u00f3glov\u00e9 pob\u011b\u017eej za n\u00e1ma a voj\u00e1ci se m\u016f\u017eou st\u00e1hnout do skal.&#8220;<\/p>\n\n\n\n<p>&#8222;Dob\u0159e. V t\u011bch \u0161utr\u00e1k\u00e1ch si pt\u00e1ci akor\u00e1t tak zl\u00e1mou hn\u00e1ty,&#8220; odpov\u011bd\u011bla Elly a u\u017e volala zp\u011bvavou elf\u0161tinou na sv\u00e9 voj\u00e1ky pokyny.<\/p>\n\n\n\n<p>&#8222;M\u016f\u017eem?,&#8220; za\u0159val Algi.<\/p>\n\n\n\n<p>&#8222;M\u016f\u017eem!&#8220;<\/p>\n\n\n\n<p>Algi vysko\u010dil na h\u0159eben valu, balancuje na kamenech, srazil k zemi dot\u00edraj\u00edc\u00edho pt\u00e1ka a sko\u010dil do tmy. Ne\u017e \u00fato\u010dn\u00edci stihli zaplnit mezeru, proklouzla i Elly.<\/p>\n\n\n\n<p>Dezorientovan\u00fdm pt\u00e1k\u016fm chv\u00edli trvalo, ne\u017e zjistili, \u017ee jejich c\u00edl zmizel, tak\u017ee Algi s Elly z\u00edskali slu\u0161n\u00fd n\u00e1skok.<\/p>\n\n\n\n<p>&#8222;Za mnou, zmiz\u00edme jim mezi skalama,&#8220; fun\u011bl Algi.<\/p>\n\n\n\n<p>&#8222;Tam naho\u0159e musel b\u00fdt je\u0161t\u011b jeden, co je \u0159\u00edd\u00ed. Ti pt\u00e1ci jsou sami o sob\u011b pitom\u00ed. P\u0159erostl\u00fd slepice,&#8220; vyr\u00e1\u017eela ze sebe nezi prudk\u00fdmi n\u00e1dechy Elly.<\/p>\n\n\n\n<p>Kli\u010dkovala poslepu za Algim mezi balvany a sna\u017eila se zaslechnout, zda se za nimi n\u011bco \u017eene.<\/p>\n\n\n\n<p>Vypadalo to, \u017ee se pt\u00e1k\u016fm v kamenn\u00e9m bludi\u0161ti ztratili.<\/p>\n\n\n\n<p>N\u00e1hle se Algi prudce zastavil, a\u017e mu narazila do zad.<\/p>\n\n\n\n<p>Algi st\u00e1l jako socha a nap\u00ednal v\u0161echny smysly, aby zjistil, co je p\u0159ed nimi.<\/p>\n\n\n\n<p>V temnot\u011b cosi p\u0159er\u00fdvan\u011b d\u00fdchalo.<\/p>\n\n\n\n<p>&#8222;M\u00e1m se pod\u00edvat, co to je?,&#8220; za\u0161eptala Elly Algimu se rty p\u0159itisknut\u00fdmi k jeho uchu.<\/p>\n\n\n\n<p>Jej\u00ed prsty se p\u0159ipravovaly ke gestu, ale Algi po pam\u011bti na\u0161el jej\u00ed ruku a stiskl jej\u00ed dla\u0148 ve sv\u00e9.<\/p>\n\n\n\n<p>Pak ji m\u00edrn\u00fdm tlakem st\u00e1hl k zemi.<\/p>\n\n\n\n<p>&#8222;Z\u016fstaneme tady, \u0161eptal j\u00ed ti\u0161e do ucha. &#8222;To vep\u0159edu se mi v\u016fbec nel\u00edb\u00ed. Elvian tam n\u011bkde je a nikterak se nesna\u017e\u00ed n\u00e1s kontaktovat. Po\u010dk\u00e1me do r\u00e1na. Tady mezi balvany n\u00e1s nikdo nenajde.<\/p>\n\n\n\n<p>&#8222;Co kdy\u017e se Elvian n\u011bco stalo?,&#8220; za\u0161eptala Elly.<\/p>\n\n\n\n<p>&#8222;Ur\u010dit\u011b ne. To bych c\u00edtil tady,&#8220; p\u0159itiskl si Algi Ellyinu ruku na srdce.<\/p>\n\n\n\n<p>Elly celou dlan\u00ed vn\u00edmala jeho pravideln\u00fd tlukot.<\/p>\n\n\n\n<p>&#8222;A poznal bys, kdyby se mn\u011b n\u011bco stalo?&#8220;<\/p>\n\n\n\n<p>Algi ji m\u00edsto odpov\u011bdi pol\u00edbil.<\/p>\n\n\n\n<p>Spokojen\u011b se mu stulila do kl\u00edna a za chv\u00edli usnula.<\/p>\n\n\n\n<p>Algi z\u00edral do tmy a p\u0159em\u00fd\u0161lel, jestli se b\u011bhem t\u00e9hle v\u00fdpravy v\u016fbec n\u011bkdy vysp\u00ed. Op\u0159el se o st\u011bnu obrovsk\u00e9ho balvanu a z\u00e1dy vn\u00edmal s\u00edlu, kterou balvan vyza\u0159oval. Chvilkami kl\u00edmal, ob\u010das hled\u011bl na hv\u011bzdy nad hlavou a hlavou se mu m\u00edhaly vzpom\u00ednky skal kolem n\u011bj. Mo\u0159e kdysi bylo mnohem v\u00fd\u0161, p\u0159el\u00e9valo se p\u0159es horn\u00ed hranu \u00fates\u016f, ale pak za\u010dalo postupn\u011b klesat. Tlak zemsk\u00e9 desky ohromn\u00e9ho ji\u017en\u00edho kontinentu za\u010dal zdv\u00edhat tento kus pob\u0159e\u017e\u00ed a kdesi v d\u00e1lce na z\u00e1pad\u011b se uzav\u0159elo spojen\u00ed s oce\u00e1nem.<\/p>\n\n\n\n<p>Algi c\u00edtil jak\u00e9si chmurn\u00e9 uspokojen\u00ed okoln\u00edch skal nad um\u00edraj\u00edc\u00edm mo\u0159em.<\/p>\n\n\n\n<p>Nakonec ho p\u0159emohla \u00fanava a usnul.<\/p>\n","protected":false},"excerpt":{"rendered":"<p>Anebo v\u00e1s budou cht\u00edt se\u017erat&#8230; Elvian se nen\u00e1padn\u011b, aby nezvlnila jedinou vlnku, mal\u00fdmi kr\u016f\u010dky bl\u00ed\u017eila ke skalisku. Hluk boje na b\u0159ehu pomalu utichal. Temn\u00e1 hmota p\u0159ed n\u00ed postupn\u011b rostla do v\u00fd\u0161ky a vypadala dost nep\u0159\u00edstupn\u011b. Elvian se rozhodla, \u017ee ji &hellip; <a href=\"https:\/\/www.ptakopysk.cz\/index.php\/2020\/12\/27\/pechfogl-4\/\">Cel\u00fd p\u0159\u00edsp\u011bvek <span class=\"meta-nav\">&rarr;<\/span><\/a><\/p>\n","protected":false},"author":1,"featured_media":0,"comment_status":"open","ping_status":"open","sticky":false,"template":"","format":"standard","meta":{"footnotes":""},"categories":[8],"tags":[],"class_list":["post-143","post","type-post","status-publish","format-standard","hentry","category-algi"],"_links":{"self":[{"href":"https:\/\/www.ptakopysk.cz\/index.php\/wp-json\/wp\/v2\/posts\/143","targetHints":{"allow":["GET"]}}],"collection":[{"href":"https:\/\/www.ptakopysk.cz\/index.php\/wp-json\/wp\/v2\/posts"}],"about":[{"href":"https:\/\/www.ptakopysk.cz\/index.php\/wp-json\/wp\/v2\/types\/post"}],"author":[{"embeddable":true,"href":"https:\/\/www.ptakopysk.cz\/index.php\/wp-json\/wp\/v2\/users\/1"}],"replies":[{"embeddable":true,"href":"https:\/\/www.ptakopysk.cz\/index.php\/wp-json\/wp\/v2\/comments?post=143"}],"version-history":[{"count":1,"href":"https:\/\/www.ptakopysk.cz\/index.php\/wp-json\/wp\/v2\/posts\/143\/revisions"}],"predecessor-version":[{"id":144,"href":"https:\/\/www.ptakopysk.cz\/index.php\/wp-json\/wp\/v2\/posts\/143\/revisions\/144"}],"wp:attachment":[{"href":"https:\/\/www.ptakopysk.cz\/index.php\/wp-json\/wp\/v2\/media?parent=143"}],"wp:term":[{"taxonomy":"category","embeddable":true,"href":"https:\/\/www.ptakopysk.cz\/index.php\/wp-json\/wp\/v2\/categories?post=143"},{"taxonomy":"post_tag","embeddable":true,"href":"https:\/\/www.ptakopysk.cz\/index.php\/wp-json\/wp\/v2\/tags?post=143"}],"curies":[{"name":"wp","href":"https:\/\/api.w.org\/{rel}","templated":true}]}}